{"id":338,"date":"2025-07-30T11:58:10","date_gmt":"2025-07-30T09:58:10","guid":{"rendered":"https:\/\/miamcollectif.org\/?p=338"},"modified":"2025-08-15T16:17:24","modified_gmt":"2025-08-15T14:17:24","slug":"le-miam-collectif-recrute","status":"publish","type":"post","link":"https:\/\/miamcollectif.org\/index.php\/2025\/07\/30\/le-miam-collectif-recrute\/","title":{"rendered":"Le Miam Collectif recrute !"},"content":{"rendered":"\n<p><strong>Un\u00b7e Cuisinier\u00b7e<br>Charg\u00e9\u00b7e d\u2019animation socio-culinaire \u2013 (H\/F)<\/strong><\/p>\n\n\n\n<p><strong>Environnement de l\u2019emploi<\/strong><br>Le Miam Collectif est une association de loi 1901 regroupant dans un m\u00eame lieu de vie une cantine solidaire, une conserverie et un caf\u00e9 au coeur du quartier Saint-Matthieu \u00e0 Perpignan. La cantine sert des repas v\u00e9g\u00e9tariens du mardi au samedi \u00e0 prix libre cuisin\u00e9s \u00e0 partir d\u2019invendus de magasins bio. Le caf\u00e9 propose des boissons sans alcool pr\u00e9par\u00e9es sur place. Le lieu accueille r\u00e9guli\u00e8rement des \u00e9v\u00e9nements festifs.<\/p>\n\n\n\n<p><strong>Conditions du poste :<\/strong><\/p>\n\n\n\n<p>CDI &#8211; 24h\/semaine &#8211; 104h par mois, possiblement \u00e9volutif vers un 32h\/ semaine.<br>Prise de poste au 1er octobre 2025<br>Disponibilit\u00e9 requise au moins 2 samedi\/ mois et certains soirs pour des \u00e9v\u00e9nements.<br>5 semaines de cong\u00e9s annuel<br>Mutuelle prise en charge<br>Permis B demand\u00e9<\/p>\n\n\n\n<p><strong>R\u00e9mun\u00e9ration:<\/strong><\/p>\n\n\n\n<p>1150\u20ac net\/mois<br>Convention collective de l&rsquo;animation \u00ab\u00a0ECLAT\u00a0\u00bb.<\/p>\n\n\n\n<p><br><strong>Mission<\/strong><br>Votre mission allie plusieurs aspects du Miam\u00a0: la cuisine, le travail social, et la coordination que vous effectuerez sous la supervision du coll\u00e8ge de l\u2019association et en en bonne entente avec les quatre autres salari\u00e9\u00b7e\u00b7s.<br><\/p>\n\n\n\n<p><em>Cuisine<\/em><br>Cuisiner certains midis et les soirs d\u2019\u00e9v\u00e9nement pour la cantine du Miam des repas v\u00e9g\u00e9tariens (environ 50 couverts par jour, jusqu\u2019\u00e0 100 les jours de f\u00eate).<br>Vous serez amen\u00e9\u00b7e\u00b7s \u00e0 travailler seul\u00b7e.<br>Faire les r\u00e9cup\u00e9rations d\u2019invendus aupr\u00e8s de nos magasins bio et autres partenaires (en alternance avec les autres salari\u00e9\u00b7e\u00b7s).<br>G\u00e9rer les devis et demandes de prestations \/ animations culinaires ext\u00e9rieures<br>\u00c9laborer des recettes v\u00e9g\u00e9tariennes gourmandes en fonction de la r\u00e9cup\u00e9ration de la semaine<\/p>\n\n\n\n<p>Social<\/p>\n\n\n\n<p>Accueillir les personnes b\u00e9n\u00e9voles<br>G\u00e9rer et coordonner l\u2019\u00e9quipe de b\u00e9n\u00e9voles en cuisine<br>Nouer un lien de confiance et offrir aux b\u00e9n\u00e9voles un cadre bienveillant et convivial.<br>Proposer des ateliers autour de la cuisine et de la conserverie.<br>Coordonner et animer des ateliers hors les murs (scolaires, prestations entreprises)<br>G\u00e9rer parfois l\u2019accueil de la cantine. Accueillir les adh\u00e9rent.e.s. Gestion de crise, gestion des conflits.<\/p>\n\n\n\n<p><em>Coordination \/Intendance<\/em><br>Effectuer certaines t\u00e2ches administratives annexes relatives \u00e0 l\u2019association (relever les mails, r\u00e9pondre aux sollicitations diverses, communiquer aupr\u00e8s de nos adh\u00e9rents, diffuser les informations aupr\u00e8s du coll\u00e8ge)<br>Participer aux r\u00e9unions entre salari\u00e9\u00b7e\u00b7s et \u00e0 certaines r\u00e9unions du coll\u00e8ge. Participer \u00e0 certains \u00e9v\u00e9nements.<\/p>\n\n\n\n<p><strong>Comp\u00e9tences\/ exp\u00e9riences<\/strong><br>Savoir cuisiner pour un nombre important de couverts et en autonomie<br>Avoir le go\u00fbt du relationnel, aimer travailler avec des personnes de tout horizon Travailler en \u00e9quipe<br>G\u00e9rer une \u00e9quipe de b\u00e9n\u00e9voles<br>Participer \u00e0 la vie et au projet de l\u2019association<br>\u00catre force de proposition dans la cuisine mais aussi pour l\u2019organisation d\u2019\u00e9v\u00e9nements Bon organisationnel<br>Adaptabilit\u00e9<br>Bien conna\u00eetre Perpignan et sa typologie sociale.<br>Une exp\u00e9rience ant\u00e9rieure dans le milieu associatif, en cuisine, et avoir une formation HACCP est un plus.<\/p>\n\n\n\n<p>Emplois aid\u00e9s possible<\/p>\n\n\n\n<p><strong>Envoyer CV et Lettre de motivation \u00e0 miam.collectif@lilo.org d\u2019ici le 20 ao\u00fbt 2025.<\/strong><\/p>\n","protected":false},"excerpt":{"rendered":"<p>Un\u00b7e Cuisinier\u00b7eCharg\u00e9\u00b7e d\u2019animation socio-culinaire \u2013 (H\/F) Environnement de l\u2019emploiLe Miam Collectif est une association de loi 1901 regroupant dans un m\u00eame lieu de vie une cantine solidaire, une conserverie et un caf\u00e9 au coeur du quartier Saint-Matthieu \u00e0 Perpignan. La cantine sert des repas v\u00e9g\u00e9tariens du mardi au samedi \u00e0 prix libre cuisin\u00e9s \u00e0 partir [&hellip;]<\/p>\n","protected":false},"author":1,"featured_media":0,"comment_status":"closed","ping_status":"closed","sticky":false,"template":"","format":"standard","meta":{"footnotes":""},"categories":[1],"tags":[],"class_list":["post-338","post","type-post","status-publish","format-standard","hentry","category-non-classe"],"yoast_head":"<!-- This site is optimized with the Yoast SEO plugin v23.7 - https:\/\/yoast.com\/wordpress\/plugins\/seo\/ -->\n<title>Le Miam Collectif recrute ! - Miam Collectif<\/title>\n<meta name=\"robots\" content=\"index, follow, max-snippet:-1, max-image-preview:large, max-video-preview:-1\" \/>\n<link rel=\"canonical\" href=\"https:\/\/miamcollectif.org\/index.php\/2025\/07\/30\/le-miam-collectif-recrute\/\" \/>\n<meta property=\"og:locale\" content=\"fr_FR\" \/>\n<meta property=\"og:type\" content=\"article\" \/>\n<meta property=\"og:title\" content=\"Le Miam Collectif recrute ! - Miam Collectif\" \/>\n<meta property=\"og:description\" content=\"Un\u00b7e Cuisinier\u00b7eCharg\u00e9\u00b7e d\u2019animation socio-culinaire \u2013 (H\/F) Environnement de l\u2019emploiLe Miam Collectif est une association de loi 1901 regroupant dans un m\u00eame lieu de vie une cantine solidaire, une conserverie et un caf\u00e9 au coeur du quartier Saint-Matthieu \u00e0 Perpignan. La cantine sert des repas v\u00e9g\u00e9tariens du mardi au samedi \u00e0 prix libre cuisin\u00e9s \u00e0 partir [&hellip;]\" \/>\n<meta property=\"og:url\" content=\"https:\/\/miamcollectif.org\/index.php\/2025\/07\/30\/le-miam-collectif-recrute\/\" \/>\n<meta property=\"og:site_name\" content=\"Miam Collectif\" \/>\n<meta property=\"article:publisher\" content=\"https:\/\/www.facebook.com\/miamcollectif\/\" \/>\n<meta property=\"article:published_time\" content=\"2025-07-30T09:58:10+00:00\" \/>\n<meta property=\"article:modified_time\" content=\"2025-08-15T14:17:24+00:00\" \/>\n<meta name=\"author\" content=\"admin7950\" \/>\n<meta name=\"twitter:card\" content=\"summary_large_image\" \/>\n<meta name=\"twitter:label1\" content=\"\u00c9crit par\" \/>\n\t<meta name=\"twitter:data1\" content=\"admin7950\" \/>\n\t<meta name=\"twitter:label2\" content=\"Dur\u00e9e de lecture estim\u00e9e\" \/>\n\t<meta name=\"twitter:data2\" content=\"3 minutes\" \/>\n<script type=\"application\/ld+json\" class=\"yoast-schema-graph\">{\"@context\":\"https:\/\/schema.org\",\"@graph\":[{\"@type\":\"Article\",\"@id\":\"https:\/\/miamcollectif.org\/index.php\/2025\/07\/30\/le-miam-collectif-recrute\/#article\",\"isPartOf\":{\"@id\":\"https:\/\/miamcollectif.org\/index.php\/2025\/07\/30\/le-miam-collectif-recrute\/\"},\"author\":{\"name\":\"admin7950\",\"@id\":\"https:\/\/miamcollectif.org\/#\/schema\/person\/cfc1be01f1a4f3cfecaed3da371ad5f1\"},\"headline\":\"Le Miam Collectif recrute !\",\"datePublished\":\"2025-07-30T09:58:10+00:00\",\"dateModified\":\"2025-08-15T14:17:24+00:00\",\"mainEntityOfPage\":{\"@id\":\"https:\/\/miamcollectif.org\/index.php\/2025\/07\/30\/le-miam-collectif-recrute\/\"},\"wordCount\":515,\"publisher\":{\"@id\":\"https:\/\/miamcollectif.org\/#organization\"},\"inLanguage\":\"fr-FR\"},{\"@type\":\"WebPage\",\"@id\":\"https:\/\/miamcollectif.org\/index.php\/2025\/07\/30\/le-miam-collectif-recrute\/\",\"url\":\"https:\/\/miamcollectif.org\/index.php\/2025\/07\/30\/le-miam-collectif-recrute\/\",\"name\":\"Le Miam Collectif recrute ! - Miam Collectif\",\"isPartOf\":{\"@id\":\"https:\/\/miamcollectif.org\/#website\"},\"datePublished\":\"2025-07-30T09:58:10+00:00\",\"dateModified\":\"2025-08-15T14:17:24+00:00\",\"breadcrumb\":{\"@id\":\"https:\/\/miamcollectif.org\/index.php\/2025\/07\/30\/le-miam-collectif-recrute\/#breadcrumb\"},\"inLanguage\":\"fr-FR\",\"potentialAction\":[{\"@type\":\"ReadAction\",\"target\":[\"https:\/\/miamcollectif.org\/index.php\/2025\/07\/30\/le-miam-collectif-recrute\/\"]}]},{\"@type\":\"BreadcrumbList\",\"@id\":\"https:\/\/miamcollectif.org\/index.php\/2025\/07\/30\/le-miam-collectif-recrute\/#breadcrumb\",\"itemListElement\":[{\"@type\":\"ListItem\",\"position\":1,\"name\":\"Accueil\",\"item\":\"https:\/\/miamcollectif.org\/\"},{\"@type\":\"ListItem\",\"position\":2,\"name\":\"Le Miam Collectif recrute !\"}]},{\"@type\":\"WebSite\",\"@id\":\"https:\/\/miamcollectif.org\/#website\",\"url\":\"https:\/\/miamcollectif.org\/\",\"name\":\"Miam Collectif - Cantine Solidaire\",\"description\":\"Le site du Miam !\",\"publisher\":{\"@id\":\"https:\/\/miamcollectif.org\/#organization\"},\"alternateName\":\"Miam Collectif\",\"potentialAction\":[{\"@type\":\"SearchAction\",\"target\":{\"@type\":\"EntryPoint\",\"urlTemplate\":\"https:\/\/miamcollectif.org\/?s={search_term_string}\"},\"query-input\":{\"@type\":\"PropertyValueSpecification\",\"valueRequired\":true,\"valueName\":\"search_term_string\"}}],\"inLanguage\":\"fr-FR\"},{\"@type\":\"Organization\",\"@id\":\"https:\/\/miamcollectif.org\/#organization\",\"name\":\"Miam Collectif\",\"alternateName\":\"Miam\",\"url\":\"https:\/\/miamcollectif.org\/\",\"logo\":{\"@type\":\"ImageObject\",\"inLanguage\":\"fr-FR\",\"@id\":\"https:\/\/miamcollectif.org\/#\/schema\/logo\/image\/\",\"url\":\"https:\/\/miamcollectif.org\/wp-content\/uploads\/2022\/12\/miamlogo.jpeg\",\"contentUrl\":\"https:\/\/miamcollectif.org\/wp-content\/uploads\/2022\/12\/miamlogo.jpeg\",\"width\":1830,\"height\":1488,\"caption\":\"Miam Collectif\"},\"image\":{\"@id\":\"https:\/\/miamcollectif.org\/#\/schema\/logo\/image\/\"},\"sameAs\":[\"https:\/\/www.facebook.com\/miamcollectif\/\"]},{\"@type\":\"Person\",\"@id\":\"https:\/\/miamcollectif.org\/#\/schema\/person\/cfc1be01f1a4f3cfecaed3da371ad5f1\",\"name\":\"admin7950\",\"image\":{\"@type\":\"ImageObject\",\"inLanguage\":\"fr-FR\",\"@id\":\"https:\/\/miamcollectif.org\/#\/schema\/person\/image\/\",\"url\":\"https:\/\/secure.gravatar.com\/avatar\/71fea25c7ebc83e4a697eebf6be1f1f5a81ca2feafbf944760cc540370777b4c?s=96&d=mm&r=g\",\"contentUrl\":\"https:\/\/secure.gravatar.com\/avatar\/71fea25c7ebc83e4a697eebf6be1f1f5a81ca2feafbf944760cc540370777b4c?s=96&d=mm&r=g\",\"caption\":\"admin7950\"},\"sameAs\":[\"http:\/\/miamcollectif.org\"],\"url\":\"https:\/\/miamcollectif.org\/index.php\/author\/admin7950\/\"}]}<\/script>\n<!-- \/ Yoast SEO plugin. -->","yoast_head_json":{"title":"Le Miam Collectif recrute ! - Miam Collectif","robots":{"index":"index","follow":"follow","max-snippet":"max-snippet:-1","max-image-preview":"max-image-preview:large","max-video-preview":"max-video-preview:-1"},"canonical":"https:\/\/miamcollectif.org\/index.php\/2025\/07\/30\/le-miam-collectif-recrute\/","og_locale":"fr_FR","og_type":"article","og_title":"Le Miam Collectif recrute ! - Miam Collectif","og_description":"Un\u00b7e Cuisinier\u00b7eCharg\u00e9\u00b7e d\u2019animation socio-culinaire \u2013 (H\/F) Environnement de l\u2019emploiLe Miam Collectif est une association de loi 1901 regroupant dans un m\u00eame lieu de vie une cantine solidaire, une conserverie et un caf\u00e9 au coeur du quartier Saint-Matthieu \u00e0 Perpignan. La cantine sert des repas v\u00e9g\u00e9tariens du mardi au samedi \u00e0 prix libre cuisin\u00e9s \u00e0 partir [&hellip;]","og_url":"https:\/\/miamcollectif.org\/index.php\/2025\/07\/30\/le-miam-collectif-recrute\/","og_site_name":"Miam Collectif","article_publisher":"https:\/\/www.facebook.com\/miamcollectif\/","article_published_time":"2025-07-30T09:58:10+00:00","article_modified_time":"2025-08-15T14:17:24+00:00","author":"admin7950","twitter_card":"summary_large_image","twitter_misc":{"\u00c9crit par":"admin7950","Dur\u00e9e de lecture estim\u00e9e":"3 minutes"},"schema":{"@context":"https:\/\/schema.org","@graph":[{"@type":"Article","@id":"https:\/\/miamcollectif.org\/index.php\/2025\/07\/30\/le-miam-collectif-recrute\/#article","isPartOf":{"@id":"https:\/\/miamcollectif.org\/index.php\/2025\/07\/30\/le-miam-collectif-recrute\/"},"author":{"name":"admin7950","@id":"https:\/\/miamcollectif.org\/#\/schema\/person\/cfc1be01f1a4f3cfecaed3da371ad5f1"},"headline":"Le Miam Collectif recrute !","datePublished":"2025-07-30T09:58:10+00:00","dateModified":"2025-08-15T14:17:24+00:00","mainEntityOfPage":{"@id":"https:\/\/miamcollectif.org\/index.php\/2025\/07\/30\/le-miam-collectif-recrute\/"},"wordCount":515,"publisher":{"@id":"https:\/\/miamcollectif.org\/#organization"},"inLanguage":"fr-FR"},{"@type":"WebPage","@id":"https:\/\/miamcollectif.org\/index.php\/2025\/07\/30\/le-miam-collectif-recrute\/","url":"https:\/\/miamcollectif.org\/index.php\/2025\/07\/30\/le-miam-collectif-recrute\/","name":"Le Miam Collectif recrute ! - Miam Collectif","isPartOf":{"@id":"https:\/\/miamcollectif.org\/#website"},"datePublished":"2025-07-30T09:58:10+00:00","dateModified":"2025-08-15T14:17:24+00:00","breadcrumb":{"@id":"https:\/\/miamcollectif.org\/index.php\/2025\/07\/30\/le-miam-collectif-recrute\/#breadcrumb"},"inLanguage":"fr-FR","potentialAction":[{"@type":"ReadAction","target":["https:\/\/miamcollectif.org\/index.php\/2025\/07\/30\/le-miam-collectif-recrute\/"]}]},{"@type":"BreadcrumbList","@id":"https:\/\/miamcollectif.org\/index.php\/2025\/07\/30\/le-miam-collectif-recrute\/#breadcrumb","itemListElement":[{"@type":"ListItem","position":1,"name":"Accueil","item":"https:\/\/miamcollectif.org\/"},{"@type":"ListItem","position":2,"name":"Le Miam Collectif recrute !"}]},{"@type":"WebSite","@id":"https:\/\/miamcollectif.org\/#website","url":"https:\/\/miamcollectif.org\/","name":"Miam Collectif - Cantine Solidaire","description":"Le site du Miam !","publisher":{"@id":"https:\/\/miamcollectif.org\/#organization"},"alternateName":"Miam Collectif","potentialAction":[{"@type":"SearchAction","target":{"@type":"EntryPoint","urlTemplate":"https:\/\/miamcollectif.org\/?s={search_term_string}"},"query-input":{"@type":"PropertyValueSpecification","valueRequired":true,"valueName":"search_term_string"}}],"inLanguage":"fr-FR"},{"@type":"Organization","@id":"https:\/\/miamcollectif.org\/#organization","name":"Miam Collectif","alternateName":"Miam","url":"https:\/\/miamcollectif.org\/","logo":{"@type":"ImageObject","inLanguage":"fr-FR","@id":"https:\/\/miamcollectif.org\/#\/schema\/logo\/image\/","url":"https:\/\/miamcollectif.org\/wp-content\/uploads\/2022\/12\/miamlogo.jpeg","contentUrl":"https:\/\/miamcollectif.org\/wp-content\/uploads\/2022\/12\/miamlogo.jpeg","width":1830,"height":1488,"caption":"Miam Collectif"},"image":{"@id":"https:\/\/miamcollectif.org\/#\/schema\/logo\/image\/"},"sameAs":["https:\/\/www.facebook.com\/miamcollectif\/"]},{"@type":"Person","@id":"https:\/\/miamcollectif.org\/#\/schema\/person\/cfc1be01f1a4f3cfecaed3da371ad5f1","name":"admin7950","image":{"@type":"ImageObject","inLanguage":"fr-FR","@id":"https:\/\/miamcollectif.org\/#\/schema\/person\/image\/","url":"https:\/\/secure.gravatar.com\/avatar\/71fea25c7ebc83e4a697eebf6be1f1f5a81ca2feafbf944760cc540370777b4c?s=96&d=mm&r=g","contentUrl":"https:\/\/secure.gravatar.com\/avatar\/71fea25c7ebc83e4a697eebf6be1f1f5a81ca2feafbf944760cc540370777b4c?s=96&d=mm&r=g","caption":"admin7950"},"sameAs":["http:\/\/miamcollectif.org"],"url":"https:\/\/miamcollectif.org\/index.php\/author\/admin7950\/"}]}},"_links":{"self":[{"href":"https:\/\/miamcollectif.org\/index.php\/wp-json\/wp\/v2\/posts\/338","targetHints":{"allow":["GET"]}}],"collection":[{"href":"https:\/\/miamcollectif.org\/index.php\/wp-json\/wp\/v2\/posts"}],"about":[{"href":"https:\/\/miamcollectif.org\/index.php\/wp-json\/wp\/v2\/types\/post"}],"author":[{"embeddable":true,"href":"https:\/\/miamcollectif.org\/index.php\/wp-json\/wp\/v2\/users\/1"}],"replies":[{"embeddable":true,"href":"https:\/\/miamcollectif.org\/index.php\/wp-json\/wp\/v2\/comments?post=338"}],"version-history":[{"count":1,"href":"https:\/\/miamcollectif.org\/index.php\/wp-json\/wp\/v2\/posts\/338\/revisions"}],"predecessor-version":[{"id":339,"href":"https:\/\/miamcollectif.org\/index.php\/wp-json\/wp\/v2\/posts\/338\/revisions\/339"}],"wp:attachment":[{"href":"https:\/\/miamcollectif.org\/index.php\/wp-json\/wp\/v2\/media?parent=338"}],"wp:term":[{"taxonomy":"category","embeddable":true,"href":"https:\/\/miamcollectif.org\/index.php\/wp-json\/wp\/v2\/categories?post=338"},{"taxonomy":"post_tag","embeddable":true,"href":"https:\/\/miamcollectif.org\/index.php\/wp-json\/wp\/v2\/tags?post=338"}],"curies":[{"name":"wp","href":"https:\/\/api.w.org\/{rel}","templated":true}]}}