{"id":346,"date":"2025-10-10T11:22:00","date_gmt":"2025-10-10T09:22:00","guid":{"rendered":"https:\/\/miamcollectif.org\/?p=346"},"modified":"2025-10-10T11:19:48","modified_gmt":"2025-10-10T09:19:48","slug":"le-miam-collectif-recrute-2","status":"publish","type":"post","link":"https:\/\/miamcollectif.org\/index.php\/2025\/10\/10\/le-miam-collectif-recrute-2\/","title":{"rendered":"Le MIAM Collectif recrute"},"content":{"rendered":"\n<p><br><strong>Un.e<\/strong> <strong>volontaire en service<\/strong> <strong>civique<\/strong><\/p>\n\n\n\n<p><br><strong>Tu<\/strong> <strong>e<\/strong>s <strong>motiv\u00e9.e<\/strong> <strong>par<\/strong> <strong>l&rsquo;animation<\/strong> <strong>sociale,<\/strong> <strong>la<\/strong> <strong>cuisine<\/strong> <strong>et<\/strong> <strong>la<\/strong> <strong>communication<\/strong> ?<br>Le MIAM Collectif est une association loi 1901 qui regroupe cantine solidaire et caf\u00e9, situ\u00e9e au 3 rue Petite La Monnaie \u00e0 Perpignan. Nous cuisinons chaque jour des repas v\u00e9g\u00e9taliens avec des produits issus de l&rsquo;agriculture biologique (invendus alimentaires) pour une cinquantaine de couverts. C&rsquo;est une cantine \u00e0 prix libre pour permettre \u00e0 tous.tes de d\u00e9jeuner un repas complet et savoureux. Au bar, nous proposons des boissons originales et faites maison chaque semaine gr\u00e2ce aux fruits r\u00e9cup\u00e9r\u00e9s (k\u00e9fir, jus de fruits, sirops, th\u00e9 glac\u00e9s,&#8230;). Tous les jours, le MIAM accueille des b\u00e9n\u00e9voles enthousiastes et des adh\u00e9rent.e.s habitu\u00e9.e.s. Depuis peu, un service traiteur v\u00e9g\u00e9talien est en d\u00e9veloppement et nous am\u00e8ne \u00e0 sortir de nos locaux pour aller cuisiner dans d&rsquo;autres lieux. Le Miam c&rsquo;est aussi un lieu de vie, avec une programmation culturelle et festive : soir\u00e9es jeux, concerts, d\u00e9bats, etc. Pour en savoir plus, voir notre site web miamcollectif.org ou nos r\u00e9seaux sociaux : instagram.com\/miam.collectif\/ facebook.com\/miamcollectif <\/p>\n\n\n\n<p><strong>Le MIAM propose un poste en contrat de service civique de 26h par semaine pendant 8 mois (jusqu\u2019au 31 juillet 2026). Prise de poste souhait\u00e9e \u00e0 partir du 1er d\u00e9cembre.<\/strong><\/p>\n\n\n\n<p>Tu int\u00e9greras un collectif compos\u00e9 de 5 salari\u00e9.e.s \u00e9galement en poste \u00e0 26h\/semaine, d&rsquo;un coll\u00e8ge dirigeant d&rsquo;une dizaine de personnes et d&rsquo;une cinquantaine de b\u00e9n\u00e9voles actif.ves.<br>Le contenu de la mission sera \u00e0 co-construire et \u00e0 faire \u00e9voluer ensemble selon<br>tes comp\u00e9tences, tes affinit\u00e9s et envies et les objectifs et actions de l\u2019association.<br>Tu seras accompagn\u00e9.e d\u2019un tuteur.rice salari\u00e9.e. pour les missions du quotidien et d\u2019un.e r\u00e9f\u00e9rent.e.s de la commission RH pour faire un bilan de mi-parcours puis de cl\u00f4ture de ton volontariat.<\/p>\n\n\n\n<p><strong>Missions :<\/strong><br>\u2022 Participation au service en salle (Accueil du public dans la bienveillance, service au bar, accompagnement des b\u00e9n\u00e9voles).<br>\u2022 Participation \u00e0 la cuisine (cuisiner avec l\u2019\u00e9quipe du jour pour 50 \u00e0 60 personnes sur les services du midi).<br>\u2022 Participation \u00e0 la cr\u00e9ation d\u2019animations dans le lieu (concerts, d\u00e9bats,<br>spectacles,\u2026) et \u00e0 la communication <\/p>\n\n\n\n<p><strong>Indemnit\u00e9s : 504,98\u20ac mois<\/strong><\/p>\n\n\n\n<p>Attrait pour la cuisine et le lien social &#8211; enthousiasme et autonomie &#8211; comp\u00e9tences en communication &#8211; Disponibilit\u00e9 certaines soir\u00e9es et certains samedis &#8211; Permis B appr\u00e9ci\u00e9<\/p>\n\n\n\n<p>Candidature \u00e0 envoyer par mail \u00e0 miam.collectif@lilo.org avant le 3 novembre.<\/p>\n","protected":false},"excerpt":{"rendered":"<p>Un.e volontaire en service civique Tu es motiv\u00e9.e par l&rsquo;animation sociale, la cuisine et la communication ?Le MIAM Collectif est une association loi 1901 qui regroupe cantine solidaire et caf\u00e9, situ\u00e9e au 3 rue Petite La Monnaie \u00e0 Perpignan. Nous cuisinons chaque jour des repas v\u00e9g\u00e9taliens avec des produits issus de l&rsquo;agriculture biologique (invendus alimentaires) [&hellip;]<\/p>\n","protected":false},"author":1,"featured_media":0,"comment_status":"open","ping_status":"open","sticky":false,"template":"","format":"standard","meta":{"footnotes":""},"categories":[1],"tags":[],"class_list":["post-346","post","type-post","status-publish","format-standard","hentry","category-non-classe"],"yoast_head":"<!-- This site is optimized with the Yoast SEO plugin v23.7 - https:\/\/yoast.com\/wordpress\/plugins\/seo\/ -->\n<title>Le MIAM Collectif recrute - Miam Collectif<\/title>\n<meta name=\"robots\" content=\"index, follow, max-snippet:-1, max-image-preview:large, max-video-preview:-1\" \/>\n<link rel=\"canonical\" href=\"https:\/\/miamcollectif.org\/index.php\/2025\/10\/10\/le-miam-collectif-recrute-2\/\" \/>\n<meta property=\"og:locale\" content=\"fr_FR\" \/>\n<meta property=\"og:type\" content=\"article\" \/>\n<meta property=\"og:title\" content=\"Le MIAM Collectif recrute - Miam Collectif\" \/>\n<meta property=\"og:description\" content=\"Un.e volontaire en service civique Tu es motiv\u00e9.e par l&rsquo;animation sociale, la cuisine et la communication ?Le MIAM Collectif est une association loi 1901 qui regroupe cantine solidaire et caf\u00e9, situ\u00e9e au 3 rue Petite La Monnaie \u00e0 Perpignan. Nous cuisinons chaque jour des repas v\u00e9g\u00e9taliens avec des produits issus de l&rsquo;agriculture biologique (invendus alimentaires) [&hellip;]\" \/>\n<meta property=\"og:url\" content=\"https:\/\/miamcollectif.org\/index.php\/2025\/10\/10\/le-miam-collectif-recrute-2\/\" \/>\n<meta property=\"og:site_name\" content=\"Miam Collectif\" \/>\n<meta property=\"article:publisher\" content=\"https:\/\/www.facebook.com\/miamcollectif\/\" \/>\n<meta property=\"article:published_time\" content=\"2025-10-10T09:22:00+00:00\" \/>\n<meta property=\"article:modified_time\" content=\"2025-10-10T09:19:48+00:00\" \/>\n<meta name=\"author\" content=\"admin7950\" \/>\n<meta name=\"twitter:card\" content=\"summary_large_image\" \/>\n<meta name=\"twitter:label1\" content=\"\u00c9crit par\" \/>\n\t<meta name=\"twitter:data1\" content=\"admin7950\" \/>\n\t<meta name=\"twitter:label2\" content=\"Dur\u00e9e de lecture estim\u00e9e\" \/>\n\t<meta name=\"twitter:data2\" content=\"2 minutes\" \/>\n<script type=\"application\/ld+json\" class=\"yoast-schema-graph\">{\"@context\":\"https:\/\/schema.org\",\"@graph\":[{\"@type\":\"Article\",\"@id\":\"https:\/\/miamcollectif.org\/index.php\/2025\/10\/10\/le-miam-collectif-recrute-2\/#article\",\"isPartOf\":{\"@id\":\"https:\/\/miamcollectif.org\/index.php\/2025\/10\/10\/le-miam-collectif-recrute-2\/\"},\"author\":{\"name\":\"admin7950\",\"@id\":\"https:\/\/miamcollectif.org\/#\/schema\/person\/cfc1be01f1a4f3cfecaed3da371ad5f1\"},\"headline\":\"Le MIAM Collectif recrute\",\"datePublished\":\"2025-10-10T09:22:00+00:00\",\"dateModified\":\"2025-10-10T09:19:48+00:00\",\"mainEntityOfPage\":{\"@id\":\"https:\/\/miamcollectif.org\/index.php\/2025\/10\/10\/le-miam-collectif-recrute-2\/\"},\"wordCount\":426,\"commentCount\":0,\"publisher\":{\"@id\":\"https:\/\/miamcollectif.org\/#organization\"},\"inLanguage\":\"fr-FR\",\"potentialAction\":[{\"@type\":\"CommentAction\",\"name\":\"Comment\",\"target\":[\"https:\/\/miamcollectif.org\/index.php\/2025\/10\/10\/le-miam-collectif-recrute-2\/#respond\"]}]},{\"@type\":\"WebPage\",\"@id\":\"https:\/\/miamcollectif.org\/index.php\/2025\/10\/10\/le-miam-collectif-recrute-2\/\",\"url\":\"https:\/\/miamcollectif.org\/index.php\/2025\/10\/10\/le-miam-collectif-recrute-2\/\",\"name\":\"Le MIAM Collectif recrute - Miam Collectif\",\"isPartOf\":{\"@id\":\"https:\/\/miamcollectif.org\/#website\"},\"datePublished\":\"2025-10-10T09:22:00+00:00\",\"dateModified\":\"2025-10-10T09:19:48+00:00\",\"breadcrumb\":{\"@id\":\"https:\/\/miamcollectif.org\/index.php\/2025\/10\/10\/le-miam-collectif-recrute-2\/#breadcrumb\"},\"inLanguage\":\"fr-FR\",\"potentialAction\":[{\"@type\":\"ReadAction\",\"target\":[\"https:\/\/miamcollectif.org\/index.php\/2025\/10\/10\/le-miam-collectif-recrute-2\/\"]}]},{\"@type\":\"BreadcrumbList\",\"@id\":\"https:\/\/miamcollectif.org\/index.php\/2025\/10\/10\/le-miam-collectif-recrute-2\/#breadcrumb\",\"itemListElement\":[{\"@type\":\"ListItem\",\"position\":1,\"name\":\"Accueil\",\"item\":\"https:\/\/miamcollectif.org\/\"},{\"@type\":\"ListItem\",\"position\":2,\"name\":\"Le MIAM Collectif recrute\"}]},{\"@type\":\"WebSite\",\"@id\":\"https:\/\/miamcollectif.org\/#website\",\"url\":\"https:\/\/miamcollectif.org\/\",\"name\":\"Miam Collectif - Cantine Solidaire\",\"description\":\"Le site du Miam !\",\"publisher\":{\"@id\":\"https:\/\/miamcollectif.org\/#organization\"},\"alternateName\":\"Miam Collectif\",\"potentialAction\":[{\"@type\":\"SearchAction\",\"target\":{\"@type\":\"EntryPoint\",\"urlTemplate\":\"https:\/\/miamcollectif.org\/?s={search_term_string}\"},\"query-input\":{\"@type\":\"PropertyValueSpecification\",\"valueRequired\":true,\"valueName\":\"search_term_string\"}}],\"inLanguage\":\"fr-FR\"},{\"@type\":\"Organization\",\"@id\":\"https:\/\/miamcollectif.org\/#organization\",\"name\":\"Miam Collectif\",\"alternateName\":\"Miam\",\"url\":\"https:\/\/miamcollectif.org\/\",\"logo\":{\"@type\":\"ImageObject\",\"inLanguage\":\"fr-FR\",\"@id\":\"https:\/\/miamcollectif.org\/#\/schema\/logo\/image\/\",\"url\":\"https:\/\/miamcollectif.org\/wp-content\/uploads\/2022\/12\/miamlogo.jpeg\",\"contentUrl\":\"https:\/\/miamcollectif.org\/wp-content\/uploads\/2022\/12\/miamlogo.jpeg\",\"width\":1830,\"height\":1488,\"caption\":\"Miam Collectif\"},\"image\":{\"@id\":\"https:\/\/miamcollectif.org\/#\/schema\/logo\/image\/\"},\"sameAs\":[\"https:\/\/www.facebook.com\/miamcollectif\/\"]},{\"@type\":\"Person\",\"@id\":\"https:\/\/miamcollectif.org\/#\/schema\/person\/cfc1be01f1a4f3cfecaed3da371ad5f1\",\"name\":\"admin7950\",\"image\":{\"@type\":\"ImageObject\",\"inLanguage\":\"fr-FR\",\"@id\":\"https:\/\/miamcollectif.org\/#\/schema\/person\/image\/\",\"url\":\"https:\/\/secure.gravatar.com\/avatar\/71fea25c7ebc83e4a697eebf6be1f1f5a81ca2feafbf944760cc540370777b4c?s=96&d=mm&r=g\",\"contentUrl\":\"https:\/\/secure.gravatar.com\/avatar\/71fea25c7ebc83e4a697eebf6be1f1f5a81ca2feafbf944760cc540370777b4c?s=96&d=mm&r=g\",\"caption\":\"admin7950\"},\"sameAs\":[\"http:\/\/miamcollectif.org\"],\"url\":\"https:\/\/miamcollectif.org\/index.php\/author\/admin7950\/\"}]}<\/script>\n<!-- \/ Yoast SEO plugin. -->","yoast_head_json":{"title":"Le MIAM Collectif recrute - Miam Collectif","robots":{"index":"index","follow":"follow","max-snippet":"max-snippet:-1","max-image-preview":"max-image-preview:large","max-video-preview":"max-video-preview:-1"},"canonical":"https:\/\/miamcollectif.org\/index.php\/2025\/10\/10\/le-miam-collectif-recrute-2\/","og_locale":"fr_FR","og_type":"article","og_title":"Le MIAM Collectif recrute - Miam Collectif","og_description":"Un.e volontaire en service civique Tu es motiv\u00e9.e par l&rsquo;animation sociale, la cuisine et la communication ?Le MIAM Collectif est une association loi 1901 qui regroupe cantine solidaire et caf\u00e9, situ\u00e9e au 3 rue Petite La Monnaie \u00e0 Perpignan. Nous cuisinons chaque jour des repas v\u00e9g\u00e9taliens avec des produits issus de l&rsquo;agriculture biologique (invendus alimentaires) [&hellip;]","og_url":"https:\/\/miamcollectif.org\/index.php\/2025\/10\/10\/le-miam-collectif-recrute-2\/","og_site_name":"Miam Collectif","article_publisher":"https:\/\/www.facebook.com\/miamcollectif\/","article_published_time":"2025-10-10T09:22:00+00:00","article_modified_time":"2025-10-10T09:19:48+00:00","author":"admin7950","twitter_card":"summary_large_image","twitter_misc":{"\u00c9crit par":"admin7950","Dur\u00e9e de lecture estim\u00e9e":"2 minutes"},"schema":{"@context":"https:\/\/schema.org","@graph":[{"@type":"Article","@id":"https:\/\/miamcollectif.org\/index.php\/2025\/10\/10\/le-miam-collectif-recrute-2\/#article","isPartOf":{"@id":"https:\/\/miamcollectif.org\/index.php\/2025\/10\/10\/le-miam-collectif-recrute-2\/"},"author":{"name":"admin7950","@id":"https:\/\/miamcollectif.org\/#\/schema\/person\/cfc1be01f1a4f3cfecaed3da371ad5f1"},"headline":"Le MIAM Collectif recrute","datePublished":"2025-10-10T09:22:00+00:00","dateModified":"2025-10-10T09:19:48+00:00","mainEntityOfPage":{"@id":"https:\/\/miamcollectif.org\/index.php\/2025\/10\/10\/le-miam-collectif-recrute-2\/"},"wordCount":426,"commentCount":0,"publisher":{"@id":"https:\/\/miamcollectif.org\/#organization"},"inLanguage":"fr-FR","potentialAction":[{"@type":"CommentAction","name":"Comment","target":["https:\/\/miamcollectif.org\/index.php\/2025\/10\/10\/le-miam-collectif-recrute-2\/#respond"]}]},{"@type":"WebPage","@id":"https:\/\/miamcollectif.org\/index.php\/2025\/10\/10\/le-miam-collectif-recrute-2\/","url":"https:\/\/miamcollectif.org\/index.php\/2025\/10\/10\/le-miam-collectif-recrute-2\/","name":"Le MIAM Collectif recrute - Miam Collectif","isPartOf":{"@id":"https:\/\/miamcollectif.org\/#website"},"datePublished":"2025-10-10T09:22:00+00:00","dateModified":"2025-10-10T09:19:48+00:00","breadcrumb":{"@id":"https:\/\/miamcollectif.org\/index.php\/2025\/10\/10\/le-miam-collectif-recrute-2\/#breadcrumb"},"inLanguage":"fr-FR","potentialAction":[{"@type":"ReadAction","target":["https:\/\/miamcollectif.org\/index.php\/2025\/10\/10\/le-miam-collectif-recrute-2\/"]}]},{"@type":"BreadcrumbList","@id":"https:\/\/miamcollectif.org\/index.php\/2025\/10\/10\/le-miam-collectif-recrute-2\/#breadcrumb","itemListElement":[{"@type":"ListItem","position":1,"name":"Accueil","item":"https:\/\/miamcollectif.org\/"},{"@type":"ListItem","position":2,"name":"Le MIAM Collectif recrute"}]},{"@type":"WebSite","@id":"https:\/\/miamcollectif.org\/#website","url":"https:\/\/miamcollectif.org\/","name":"Miam Collectif - Cantine Solidaire","description":"Le site du Miam !","publisher":{"@id":"https:\/\/miamcollectif.org\/#organization"},"alternateName":"Miam Collectif","potentialAction":[{"@type":"SearchAction","target":{"@type":"EntryPoint","urlTemplate":"https:\/\/miamcollectif.org\/?s={search_term_string}"},"query-input":{"@type":"PropertyValueSpecification","valueRequired":true,"valueName":"search_term_string"}}],"inLanguage":"fr-FR"},{"@type":"Organization","@id":"https:\/\/miamcollectif.org\/#organization","name":"Miam Collectif","alternateName":"Miam","url":"https:\/\/miamcollectif.org\/","logo":{"@type":"ImageObject","inLanguage":"fr-FR","@id":"https:\/\/miamcollectif.org\/#\/schema\/logo\/image\/","url":"https:\/\/miamcollectif.org\/wp-content\/uploads\/2022\/12\/miamlogo.jpeg","contentUrl":"https:\/\/miamcollectif.org\/wp-content\/uploads\/2022\/12\/miamlogo.jpeg","width":1830,"height":1488,"caption":"Miam Collectif"},"image":{"@id":"https:\/\/miamcollectif.org\/#\/schema\/logo\/image\/"},"sameAs":["https:\/\/www.facebook.com\/miamcollectif\/"]},{"@type":"Person","@id":"https:\/\/miamcollectif.org\/#\/schema\/person\/cfc1be01f1a4f3cfecaed3da371ad5f1","name":"admin7950","image":{"@type":"ImageObject","inLanguage":"fr-FR","@id":"https:\/\/miamcollectif.org\/#\/schema\/person\/image\/","url":"https:\/\/secure.gravatar.com\/avatar\/71fea25c7ebc83e4a697eebf6be1f1f5a81ca2feafbf944760cc540370777b4c?s=96&d=mm&r=g","contentUrl":"https:\/\/secure.gravatar.com\/avatar\/71fea25c7ebc83e4a697eebf6be1f1f5a81ca2feafbf944760cc540370777b4c?s=96&d=mm&r=g","caption":"admin7950"},"sameAs":["http:\/\/miamcollectif.org"],"url":"https:\/\/miamcollectif.org\/index.php\/author\/admin7950\/"}]}},"_links":{"self":[{"href":"https:\/\/miamcollectif.org\/index.php\/wp-json\/wp\/v2\/posts\/346","targetHints":{"allow":["GET"]}}],"collection":[{"href":"https:\/\/miamcollectif.org\/index.php\/wp-json\/wp\/v2\/posts"}],"about":[{"href":"https:\/\/miamcollectif.org\/index.php\/wp-json\/wp\/v2\/types\/post"}],"author":[{"embeddable":true,"href":"https:\/\/miamcollectif.org\/index.php\/wp-json\/wp\/v2\/users\/1"}],"replies":[{"embeddable":true,"href":"https:\/\/miamcollectif.org\/index.php\/wp-json\/wp\/v2\/comments?post=346"}],"version-history":[{"count":1,"href":"https:\/\/miamcollectif.org\/index.php\/wp-json\/wp\/v2\/posts\/346\/revisions"}],"predecessor-version":[{"id":347,"href":"https:\/\/miamcollectif.org\/index.php\/wp-json\/wp\/v2\/posts\/346\/revisions\/347"}],"wp:attachment":[{"href":"https:\/\/miamcollectif.org\/index.php\/wp-json\/wp\/v2\/media?parent=346"}],"wp:term":[{"taxonomy":"category","embeddable":true,"href":"https:\/\/miamcollectif.org\/index.php\/wp-json\/wp\/v2\/categories?post=346"},{"taxonomy":"post_tag","embeddable":true,"href":"https:\/\/miamcollectif.org\/index.php\/wp-json\/wp\/v2\/tags?post=346"}],"curies":[{"name":"wp","href":"https:\/\/api.w.org\/{rel}","templated":true}]}}